{"id":1079,"date":"2021-04-08T19:30:19","date_gmt":"2021-04-08T17:30:19","guid":{"rendered":"https:\/\/madrugadagb.org\/wordpress\/?p=1079"},"modified":"2021-04-09T11:29:55","modified_gmt":"2021-04-09T09:29:55","slug":"dom-pedro-zilli-vescovo-di-bafata-scomparso-a-causa-del-covid","status":"publish","type":"post","link":"https:\/\/madrugadagb.org\/wordpress\/it\/dom-pedro-zilli-vescovo-di-bafata-scomparso-a-causa-del-covid\/","title":{"rendered":"Dom Pedro Zilli Vescovo di Bafat\u00e0, scomparso a causa del Covid"},"content":{"rendered":"\n<p>Mercoled\u00ec 31 marzo ci ha lasciato <strong>Dom Pedro Carlos Zilli<\/strong> Vescovo di Bafat\u00e0 in Guinea Bissau.<\/p>\n\n\n\n<p>Colpito dal Covid e ricoverato presso l&#8217;Ospedale Francescano di Cumura, si \u00e8 velocemente aggravato e in pochi giorni \u00e8 deceduto. Il 9 aprile il funerale e la sepoltura nella Cattedrale di Bafat\u00e0.<br>Missionario\u00a0del PIME, in Guinea Bissau dal 1985, fu ordinato Vescovo il 13 marzo di venti anni fa.\u00a0\u00a0<\/p>\n\n\n\n<p>La <strong>Cooperativa Madrugada<\/strong> ricorda con affetto la sua costante vicinanza e partecipazione alle iniziative e alle inaugurazioni, sulle orme di Dom Settimio Ferrazzetta, sempre ci ha assistiti e sicuramente veglier\u00e0 ancora su questo progetto.<\/p>\n\n\n\n<figure class=\"wp-block-image size-large\"><a href=\"https:\/\/madrugadagb.org\/wordpress\/wp-content\/uploads\/2021\/04\/Don-Pedro-Zilli.jpeg\"><img decoding=\"async\" width=\"800\" height=\"450\" data-src=\"https:\/\/madrugadagb.org\/wordpress\/wp-content\/uploads\/2021\/04\/Don-Pedro-Zilli.jpeg\" alt=\"\" class=\"wp-image-1081 lazyload\" data-srcset=\"https:\/\/madrugadagb.org\/wordpress\/wp-content\/uploads\/2021\/04\/Don-Pedro-Zilli.jpeg 800w, https:\/\/madrugadagb.org\/wordpress\/wp-content\/uploads\/2021\/04\/Don-Pedro-Zilli-300x169.jpeg 300w, https:\/\/madrugadagb.org\/wordpress\/wp-content\/uploads\/2021\/04\/Don-Pedro-Zilli-768x432.jpeg 768w\" data-sizes=\"(max-width: 800px) 100vw, 800px\" src=\"data:image\/svg+xml;base64,PHN2ZyB3aWR0aD0iMSIgaGVpZ2h0PSIxIiB4bWxucz0iaHR0cDovL3d3dy53My5vcmcvMjAwMC9zdmciPjwvc3ZnPg==\" style=\"--smush-placeholder-width: 800px; --smush-placeholder-aspect-ratio: 800\/450;\" \/><\/a><\/figure>\n\n\n\n<p>Nella foto qui sopra vediamo il <strong>Vescovo Dom Pedro Zilli<\/strong> (a destra), presso il Campus Madrugada nel 2015, insieme con l&#8217;attuale presidente dell&#8217;Associazione di Verona prof. Roberto Corrocher (a sinistra) e con l&#8217;ex-presidente dell&#8217;Associazione avv. Bortolo Brogliato (al centro), all&#8217;inaugurazione dell&#8217;aula magna della scuola primaria dedicata all&#8217;avv. Bortolo Brogliato (successivamente scomparso).<\/p>\n\n\n\n<figure class=\"wp-block-embed is-type-video is-provider-youtube wp-block-embed-youtube wp-embed-aspect-16-9 wp-has-aspect-ratio\"><div class=\"wp-block-embed__wrapper\">\n<iframe title=\"Dom Pedro Zilli\" width=\"750\" height=\"422\" data-src=\"https:\/\/www.youtube.com\/embed\/m7Sb5IFXY80?feature=oembed\" frameborder=\"0\" allow=\"accelerometer; autoplay; clipboard-write; encrypted-media; gyroscope; picture-in-picture\" allowfullscreen src=\"data:image\/svg+xml;base64,PHN2ZyB3aWR0aD0iMSIgaGVpZ2h0PSIxIiB4bWxucz0iaHR0cDovL3d3dy53My5vcmcvMjAwMC9zdmciPjwvc3ZnPg==\" class=\"lazyload\" data-load-mode=\"1\"><\/iframe>\n<\/div><\/figure>\n","protected":false},"excerpt":{"rendered":"<p>Mercoled\u00ec 31 marzo ci ha lasciato Dom Pedro Carlos Zilli Vescovo di Bafat\u00e0 in Guinea Bissau. Colpito dal Covid e ricoverato presso l&#8217;Ospedale Francescano di Cumura, si \u00e8 velocemente aggravato e in pochi giorni \u00e8 deceduto. Il 9 aprile il funerale e la sepoltura nella Cattedrale di Bafat\u00e0.Missionario\u00a0del PIME, in [&hellip;]<\/p>\n","protected":false},"author":2,"featured_media":1081,"comment_status":"closed","ping_status":"closed","sticky":false,"template":"","format":"standard","meta":{"footnotes":""},"categories":[2],"tags":[],"class_list":["post-1079","post","type-post","status-publish","format-standard","has-post-thumbnail","hentry","category-notizie"],"_links":{"self":[{"href":"https:\/\/madrugadagb.org\/wordpress\/wp-json\/wp\/v2\/posts\/1079","targetHints":{"allow":["GET"]}}],"collection":[{"href":"https:\/\/madrugadagb.org\/wordpress\/wp-json\/wp\/v2\/posts"}],"about":[{"href":"https:\/\/madrugadagb.org\/wordpress\/wp-json\/wp\/v2\/types\/post"}],"author":[{"embeddable":true,"href":"https:\/\/madrugadagb.org\/wordpress\/wp-json\/wp\/v2\/users\/2"}],"replies":[{"embeddable":true,"href":"https:\/\/madrugadagb.org\/wordpress\/wp-json\/wp\/v2\/comments?post=1079"}],"version-history":[{"count":5,"href":"https:\/\/madrugadagb.org\/wordpress\/wp-json\/wp\/v2\/posts\/1079\/revisions"}],"predecessor-version":[{"id":1089,"href":"https:\/\/madrugadagb.org\/wordpress\/wp-json\/wp\/v2\/posts\/1079\/revisions\/1089"}],"wp:featuredmedia":[{"embeddable":true,"href":"https:\/\/madrugadagb.org\/wordpress\/wp-json\/wp\/v2\/media\/1081"}],"wp:attachment":[{"href":"https:\/\/madrugadagb.org\/wordpress\/wp-json\/wp\/v2\/media?parent=1079"}],"wp:term":[{"taxonomy":"category","embeddable":true,"href":"https:\/\/madrugadagb.org\/wordpress\/wp-json\/wp\/v2\/categories?post=1079"},{"taxonomy":"post_tag","embeddable":true,"href":"https:\/\/madrugadagb.org\/wordpress\/wp-json\/wp\/v2\/tags?post=1079"}],"curies":[{"name":"wp","href":"https:\/\/api.w.org\/{rel}","templated":true}]}}