{"id":1298,"date":"2024-10-08T12:39:39","date_gmt":"2024-10-08T10:39:39","guid":{"rendered":"https:\/\/madrugadagb.org\/wordpress\/?p=1298"},"modified":"2024-10-08T12:39:40","modified_gmt":"2024-10-08T10:39:40","slug":"aiutiamo-hefrayn","status":"publish","type":"post","link":"https:\/\/madrugadagb.org\/wordpress\/it\/aiutiamo-hefrayn\/","title":{"rendered":"Aiutiamo\u00a0Hefrayn"},"content":{"rendered":"\n<p>Un bimbo di nome Hefrayn combatte una battaglia che nessuno dovrebbe affrontare da solo. Hefrayn, 5 anni, \u00e8 un piccolo guerriero di Bissau, la capitale della Guinea Bissau. Sua madre, Onesma, che lavora come infermiera alla Clinica Madrugada, ce lo descrive come un bambino intelligente e affettuoso. Ama giocare a calcio con il fratellino di 9 anni e andare a scuola, dove frequenta l&#8217;ultimo anno di asilo.<\/p>\n\n\n\n<p>Il 17 settembre 2024, Hefrayn \u00e8 stato portato alla clinica con febbre alta, vomito, mal di testa e debolezza. Le analisi del sangue hanno rivelato un numero di globuli bianchi allarmante, in continuo aumento. Purtroppo, ulteriori esami hanno confermato il terribile sospetto: Leucemia Acuta.<\/p>\n\n\n\n<p>La Guinea Bissau, con le sue risorse economiche e sanitarie limitate, non pu\u00f2 offrire la cura necessaria per questa malattia rara e mortale se non trattata. Ma c&#8217;\u00e8 speranza: Hefrayn ha la possibilit\u00e0 di ricevere le cure necessarie presso l&#8217;Oncoematologia Pediatrica dell&#8217;Azienda Ospedaliera Universitaria Integrata di Verona. Il ricovero, che inizier\u00e0 il 15 ottobre, richieder\u00e0 due anni di cure intensive e controlli per dare a Hefrayn la possibilit\u00e0 di vivere una vita lunga e piena, come ogni bambino merita.<\/p>\n\n\n\n<p>I costi per il viaggio, il vitto, l&#8217;alloggio e soprattutto per le cure sono molto elevati. Per questo, facciamo appello alla vostra solidariet\u00e0 ed empatia. Ogni gesto, piccolo o grande, potr\u00e0 fare una differenza enorme nella vita di Hefrayn.<\/p>\n\n\n\n<p>Con il vostro aiuto, possiamo dare a Hefrayn una seconda possibilit\u00e0. Unitevi a noi in questa missione di speranza e supporto. Ogni donazione \u00e8 un passo verso un futuro migliore per questo coraggioso bambino.<\/p>\n\n\n\n<div id=\"wp-block-themeisle-blocks-button-group-30535cc2\" class=\"wp-block-themeisle-blocks-button-group\" style=\"justify-content:center;align-items:center\"><a href=\"https:\/\/www.ilmiodono.it\/it\/organizzazioni\/veneto\/associazione_perlacollaborazioneallosviluppodibasedellaguineabis_61\/iniziative\/aiutiamo_hefrayn.html\" target=\"_blank\" class=\"wp-block-themeisle-blocks-button wp-block-themeisle-blocks-button-0\" style=\"font-size:18px;font-style:normal;border-width:1px;border-radius:18px;padding:12px 24px \" rel=\"noopener noreferrer\"><span><strong>Dai il tuo contributo<\/strong><\/span><\/a><\/div>\n","protected":false},"excerpt":{"rendered":"<p>Un bimbo di nome Hefrayn combatte una battaglia che nessuno dovrebbe affrontare da solo. Hefrayn, 5 anni, \u00e8 un piccolo guerriero di Bissau, la capitale della Guinea Bissau. Sua madre, Onesma, che lavora come infermiera alla Clinica Madrugada, ce lo descrive come un bambino intelligente e affettuoso. Ama giocare a [&hellip;]<\/p>\n","protected":false},"author":2,"featured_media":1299,"comment_status":"closed","ping_status":"closed","sticky":false,"template":"","format":"standard","meta":{"footnotes":""},"categories":[2],"tags":[],"class_list":["post-1298","post","type-post","status-publish","format-standard","has-post-thumbnail","hentry","category-notizie"],"_links":{"self":[{"href":"https:\/\/madrugadagb.org\/wordpress\/wp-json\/wp\/v2\/posts\/1298","targetHints":{"allow":["GET"]}}],"collection":[{"href":"https:\/\/madrugadagb.org\/wordpress\/wp-json\/wp\/v2\/posts"}],"about":[{"href":"https:\/\/madrugadagb.org\/wordpress\/wp-json\/wp\/v2\/types\/post"}],"author":[{"embeddable":true,"href":"https:\/\/madrugadagb.org\/wordpress\/wp-json\/wp\/v2\/users\/2"}],"replies":[{"embeddable":true,"href":"https:\/\/madrugadagb.org\/wordpress\/wp-json\/wp\/v2\/comments?post=1298"}],"version-history":[{"count":1,"href":"https:\/\/madrugadagb.org\/wordpress\/wp-json\/wp\/v2\/posts\/1298\/revisions"}],"predecessor-version":[{"id":1300,"href":"https:\/\/madrugadagb.org\/wordpress\/wp-json\/wp\/v2\/posts\/1298\/revisions\/1300"}],"wp:featuredmedia":[{"embeddable":true,"href":"https:\/\/madrugadagb.org\/wordpress\/wp-json\/wp\/v2\/media\/1299"}],"wp:attachment":[{"href":"https:\/\/madrugadagb.org\/wordpress\/wp-json\/wp\/v2\/media?parent=1298"}],"wp:term":[{"taxonomy":"category","embeddable":true,"href":"https:\/\/madrugadagb.org\/wordpress\/wp-json\/wp\/v2\/categories?post=1298"},{"taxonomy":"post_tag","embeddable":true,"href":"https:\/\/madrugadagb.org\/wordpress\/wp-json\/wp\/v2\/tags?post=1298"}],"curies":[{"name":"wp","href":"https:\/\/api.w.org\/{rel}","templated":true}]}}