{"id":139,"date":"2007-07-07T10:12:00","date_gmt":"2007-07-07T10:12:00","guid":{"rendered":"http:\/\/madrugadagb.org\/wordpress\/?p=139"},"modified":"2018-05-13T18:33:41","modified_gmt":"2018-05-13T16:33:41","slug":"il-pozzo-e-lacqua-vita-salute-e-sviluppo","status":"publish","type":"post","link":"https:\/\/madrugadagb.org\/wordpress\/it\/il-pozzo-e-lacqua-vita-salute-e-sviluppo\/","title":{"rendered":"Il pozzo e l&#8217;Acqua: Vita, Salute e Sviluppo"},"content":{"rendered":"<p>&nbsp;<\/p>\n<p align=\"justify\">L&#8217;acqua fonte di vita e salute e costituisce quindi un bene comune appartenente a tutti gli abitanti della Terra. Si ritiene che gran parte della mortalit\u00e0 infantile sia collegata alla non potabilit\u00e0 dell&#8217;acqua. In tutto il mondo, la carenza di acqua determina condizioni igieniche tali da incrementare le malattie causando, specie nei Paesi in via di sviluppo, problemi di enormi costi umani e sanitari. Attualmente nel mondo 1,1 miliardi di persone non hanno accesso all&#8217;acqua potabile e 2,4 miliardi sono privi di servizi sanitari di base. Secondo i dati forniti dallO.M.S. (Organizzazione mondiale della sanit\u00e0), la diarrea causa nel mondo del 4% di tutti i decessi e determina, nel 5% dei casi inabilit\u00e0: in Africa la mortalit\u00e0 per diarrea sale al 7,7% di tutte le cause di morte. La diarrea solitamente dovuta ad infezioni gastrointestinali, causate da germi contaminanti l&#8217;acqua, che uccidono circa 2.2 milioni di persone l&#8217;anno in tutto il mondo, per lo pi\u00f9 bambini sotto i 5 anni nei Paesi in via di sviluppo. Inoltre, nei Paesi poveri, la ricerca e l&#8217;approvvigionamento dell&#8217;acqua occupano molta parte della giornata e contribuisce ad impedire, in particolare alle donne, la frequenza scolastica e la possibilit\u00e0 di svolgere altre attivit\u00e0.<\/p>\n<p align=\"justify\"><img decoding=\"async\" data-src=\"https:\/\/madrugadagb.org\/wordpress\/img\/stories\/InaugurazionePozzo200.jpg\" align=\"right\" title=\"Inaugurazione pozzo\" alt=\"Inaugurazione pozzo\" src=\"data:image\/svg+xml;base64,PHN2ZyB3aWR0aD0iMSIgaGVpZ2h0PSIxIiB4bWxucz0iaHR0cDovL3d3dy53My5vcmcvMjAwMC9zdmciPjwvc3ZnPg==\" class=\"lazyload\" \/>Secondo le parole del dott. Gabriel C, Direttore del Centro Medico-Diagnostico Dom Settimio Ferrazzetta di Bissau, la Cooperativa Medico-Sanitaria Madrugada, inserita in una zona molto povera di Bissau, cerca di portare <b>un contributo positivo nello spirito di appoggio alla edificazione dell Uomo\u00a0NUOVO invocato dal Vescovo Dom Settimio Ferrazzetta<\/b>, alleviando, almeno un po&#8217;, qualcuno di questi disagi e vediamo anche, come incessantemente la Provvidenza sta accompagnando quest&#8217;opera. A testimonianza di questo nel 2005 \u00e8 stato donato, alla Cooperativa Madrugada, un pozzo la cui trivellazione \u00e8 stata effettuata all&#8217;interno del Centro Medico: dal 1 gennaio 2005 dalla profondit\u00e0 di 235 metri sgorga, secondo le parole di Padre Mario Faccioli, un bel getto di acqua buona e abbondante. Con una pompa elettrica l&#8217;acqua viene spinta in alto, a 12 metri dal suolo, fino alla prima cisterna che garantisce l&#8217;approvvigionamento di acqua a tutto il Centro Medico, indipendentemente dall&#8217;erogazione dell&#8217;acquedotto Municipale che molto spesso non funziona. La seconda cisterna, posta a circa 2 metri dal suolo, rifornita dalla prima mediante il meccanismo del troppo pieno, e fornisce l&#8217;acqua agli abitanti del quartiere di Antula Bono.<\/p>\n<p align=\"justify\">La realizzazione del pozzo stata opera del <b><a href=\"#\" onmouseover=\"return overlib( '&lt;img src=images\/stories\/TargaVISPE.jpg&gt;', CAPTION, 'Foto', BELOW, RIGHT, WIDTH, 200 );\" onmouseout=\"return nd();\">V.I.S.P.E.<\/a><\/b> (Volontari Italiani Solidariet\u00e0 Paesi Emergenti) di Saronno, grazie in particolare all&#8217;interessamento di <b>Padre Dionisio<\/b> del P.I.M.E. (Pontificio Istituto Missioni Estere) di Milano e di <b>Ermanno DAndrea<\/b> di Saronno, con il contributo finanziario di circa 37.000,00 del <b>Rotary Club di Saronno<\/b>. Il pozzo \u00e8 stato inaugurato il 1 gennaio 2005. Tutta la rete idraulica, incluse le cisterne, stata donata dall&#8217;Azienda termosanitaria <b>La Termica di Giuseppe Lonardi<\/b> di Villafranca Veronese, che ha creduto tanto in questo progetto da investire quanto disponibile in beneficenza per questa opera. L&#8217;installazione della rete idraulica e dei sanitari stata opera del nostro volontario <a href=\"#\" onmouseover=\"return overlib( '&lt;img src=images\/stories\/Sergio.jpg&gt;', CAPTION, 'Foto', BELOW, RIGHT, WIDTH, 200 );\" onmouseout=\"return nd();\">Sergio Castellani<\/a>, mentre la sistemazione delle cisterne di acciaio zincato e di tutto l&#8217;impianto annesso, sono opera dei volontari <a href=\"#\" onmouseover=\"return overlib( '&lt;img src=images\/stories\/GianfrancoEPaolo.jpg&gt;', CAPTION, 'Foto', BELOW, RIGHT, WIDTH, 200 );\" onmouseout=\"return nd();\">Gianfranco Motta di Verona e Paolo Giacomazzi<\/a> di Vicenza.<\/p>\n<p align=\"justify\">La famiglia Fiocchetti-Clementi di Schio (Vicenza) ha costituito l&#8217;Associazione &#8220;<b><a href=\"#\" onmouseover=\"return overlib( '&lt;img src=images\/stories\/Lucia400.jpg&gt;', CAPTION, 'Foto', BELOW, LEFT, WIDTH, 200 );\" onmouseout=\"return nd();\">Cuore di Lucia<\/a> Onlus<\/b>&#8221; (<a href=\"http:\/\/www.cuoredilucia.it\" target=\"_blank\" rel=\"noopener\">www.cuoredilucia.it<\/a>) in ricordo della figlia Lucia di 9 anni, morta tragicamente nel 2006, Associazione che si occupa di portare acqua ovunque ve ne sia necessit\u00e0 e questo presso la Cooperativa Madrugada \u00e8 il primo progetto realizzato. Attraverso due concerti, in occasione dell&#8217;onomastico e dell&#8217;anniversario, la famiglia e l&#8217;Associazione Cuore di Lucia hanno versato euro 37.000 per dotare dell&#8217;acqua del pozzo artesiano l&#8217;intero complesso Medico-Diagnostico (gi\u00e0 costruito) e il complesso scolastico (in costruzione), nonch\u00e9 le famiglie del quartiere di Antula Bono. E questo ha ottenuto i pi\u00f9 lusinghieri riconoscimenti da parte di Ministri e Istituzioni varie della Guinea Bissau. Il 4 ottobre \u00e8 stato posto nel manufatto la foto di Lucia, benedetta dal Vescovo Mons. Pietro Zilli di Bafat\u00e0.<\/p>\n<p align=\"justify\"><img decoding=\"async\" data-src=\"https:\/\/madrugadagb.org\/wordpress\/img\/stories\/PozzoInFunzione200.jpg\" align=\"left\" title=\"Acqua potabile per il villaggio\" alt=\"Acqua potabile per il villaggio\" src=\"data:image\/svg+xml;base64,PHN2ZyB3aWR0aD0iMSIgaGVpZ2h0PSIxIiB4bWxucz0iaHR0cDovL3d3dy53My5vcmcvMjAwMC9zdmciPjwvc3ZnPg==\" class=\"lazyload\" \/>Fin dal primo momento la gente del villaggio ha potuto attingere acqua potabile a questa fonte, per uso alimentare ed igienico, senza alcuna spesa ma con l&#8217;impegno, preso di concerto tra Cooperativa Madrugada e Anziani del quartiere (<b>omen grandi<\/b>), di garantirne una distribuzione equa e senza sprechi mantenendo al tempo stesso la pulizia della fonte. Pi\u00f9 volte a Bissau non \u00e8 stata disponibile acqua potabile, specie nel corso delle periodiche epidemie estive di colera: la fonte della Madrugada \u00e8 stata pi\u00f9 volte una delle poche fonti disponibili di acqua pulita.<\/p>\n<p align=\"justify\">L&#8217;acqua diviene cos\u00ec, oltre che fonte di vita, strumento di solidariet\u00e0 e giustizia fra gli uomini, sia come singoli che come comunit\u00e0, costituisce il collante tra societ\u00e0 e comunit\u00e0 etnicamente distinte, getta un ponte tra le generazioni, garantendone il futuro e riducendone le distanze, ed infine ridona dignit\u00e0 alle persone, in particolare riduce la discriminazione tra i sessi, rendendo pi\u00f9 agevole il lavoro delle donne.<\/p>\n<p align=\"justify\">CLicca <a href=\"index.php?option=com_expose&amp;Itemid=33&amp;album=14\">qui<\/a> per accedere alla galleria fotografica dedicata al pozzo.<\/p>\n","protected":false},"excerpt":{"rendered":"<p>&nbsp; L&#8217;acqua fonte di vita e salute e costituisce quindi un bene comune appartenente a tutti gli abitanti della Terra. Si ritiene che gran parte della mortalit\u00e0 infantile sia collegata alla non potabilit\u00e0 dell&#8217;acqua. In tutto il mondo, la carenza di acqua determina condizioni igieniche tali da incrementare le malattie [&hellip;]<\/p>\n","protected":false},"author":2,"featured_media":0,"comment_status":"open","ping_status":"closed","sticky":false,"template":"","format":"standard","meta":{"footnotes":""},"categories":[11],"tags":[],"class_list":["post-139","post","type-post","status-publish","format-standard","hentry","category-il-pozzo"],"_links":{"self":[{"href":"https:\/\/madrugadagb.org\/wordpress\/wp-json\/wp\/v2\/posts\/139","targetHints":{"allow":["GET"]}}],"collection":[{"href":"https:\/\/madrugadagb.org\/wordpress\/wp-json\/wp\/v2\/posts"}],"about":[{"href":"https:\/\/madrugadagb.org\/wordpress\/wp-json\/wp\/v2\/types\/post"}],"author":[{"embeddable":true,"href":"https:\/\/madrugadagb.org\/wordpress\/wp-json\/wp\/v2\/users\/2"}],"replies":[{"embeddable":true,"href":"https:\/\/madrugadagb.org\/wordpress\/wp-json\/wp\/v2\/comments?post=139"}],"version-history":[{"count":3,"href":"https:\/\/madrugadagb.org\/wordpress\/wp-json\/wp\/v2\/posts\/139\/revisions"}],"predecessor-version":[{"id":454,"href":"https:\/\/madrugadagb.org\/wordpress\/wp-json\/wp\/v2\/posts\/139\/revisions\/454"}],"wp:attachment":[{"href":"https:\/\/madrugadagb.org\/wordpress\/wp-json\/wp\/v2\/media?parent=139"}],"wp:term":[{"taxonomy":"category","embeddable":true,"href":"https:\/\/madrugadagb.org\/wordpress\/wp-json\/wp\/v2\/categories?post=139"},{"taxonomy":"post_tag","embeddable":true,"href":"https:\/\/madrugadagb.org\/wordpress\/wp-json\/wp\/v2\/tags?post=139"}],"curies":[{"name":"wp","href":"https:\/\/api.w.org\/{rel}","templated":true}]}}