{"id":210,"date":"2017-08-10T23:55:45","date_gmt":"2017-08-10T21:55:45","guid":{"rendered":"http:\/\/madrugadagb.org\/wordpress\/?p=210"},"modified":"2017-08-11T00:52:02","modified_gmt":"2017-08-10T22:52:02","slug":"bienvenido","status":"publish","type":"post","link":"https:\/\/madrugadagb.org\/wordpress\/pt\/bienvenido\/","title":{"rendered":"Bienvenido!"},"content":{"rendered":"<p><img decoding=\"async\" title=\"\" data-src=\"https:\/\/madrugadagb.org\/wordpress\/img\/stories\/logoAssociazione.png\" alt=\"\" align=\"left\" src=\"data:image\/svg+xml;base64,PHN2ZyB3aWR0aD0iMSIgaGVpZ2h0PSIxIiB4bWxucz0iaHR0cDovL3d3dy53My5vcmcvMjAwMC9zdmciPjwvc3ZnPg==\" class=\"lazyload\" \/><\/p>\n<p align=\"justify\">Estas no sito da <strong>Associa\u00e7\u00e3o para a Colabora\u00e7\u00e3o ao Desenvolvimento de Base da Guin\u00e9-Bissau.<\/strong>.<\/p>\n<p align=\"justify\">Esta associa\u00e7ao nasceu para colaborar con uma realidade do Terceiro Mundo ja existente e consolidada: a <strong>Cooperativa \u201dMadrugada\u201d<\/strong> di Bissau.<\/p>\n<p align=\"justify\"><img decoding=\"async\" title=\"\" src=\"https:\/\/madrugadagb.org\/wordpress\/img\/stories\/\" alt=\"\" align=\"right\" \/>A Cooperativa foi fundada em 1991 na Guin\u00e9-Bissau por un grupo d\u00e9 medicos e um sacerdote, depois de uma constata\u00e7\u00e3o que as extructuras socialis existentes s\u00e3o absolutamente inqualificaveis as necessidades socio-sanitario de base: objectivo \u00e8 de fornecer prestacoes professionalmente qualificados a pre\u00e7os baixos.<\/p>\n<p align=\"justify\">Tal cooperativa n\u00e3o \u00e8 gestida pela realidade estrangeira, essa d\u00e1 emprego a cidad\u00e3os guineenses e se autofinancia. Applicando pre\u00e7os baixos, n\u00e3o \u00e8 possivel produzir capital da utilizar para fazer investimentos no campo humano, tecnologico e financiario.<\/p>\n<p align=\"justify\">A associa\u00e7\u00e3o interv\u00eam somente a nivel de <a href=\"documenti\/BILANCI 2003_2013.pdf\" target=\"_blank\" rel=\"noopener\">investimento<\/a>, nos termos de qualifica\u00e7\u00e3o professional, materiais e os edif\u00edcios. Controla tamb\u00e9m a gest\u00e3o dos pr\u00f3prios projectos de investimento, cuja realiz\u00e7\u00e3o compete a Cooperativa Madrugada.<\/p>\n","protected":false},"excerpt":{"rendered":"<p>Estas no sito da Associa\u00e7\u00e3o para a Colabora\u00e7\u00e3o ao Desenvolvimento de Base da Guin\u00e9-Bissau.. Esta associa\u00e7ao nasceu para colaborar con uma realidade do Terceiro Mundo ja existente e consolidada: a Cooperativa \u201dMadrugada\u201d di Bissau. A Cooperativa foi fundada em 1991 na Guin\u00e9-Bissau por un grupo d\u00e9 medicos e um sacerdote, [&hellip;]<\/p>\n","protected":false},"author":133,"featured_media":0,"comment_status":"open","ping_status":"closed","sticky":false,"template":"","format":"standard","meta":{"footnotes":""},"categories":[23],"tags":[],"class_list":["post-210","post","type-post","status-publish","format-standard","hentry","category-senza-categoria-pt"],"_links":{"self":[{"href":"https:\/\/madrugadagb.org\/wordpress\/wp-json\/wp\/v2\/posts\/210","targetHints":{"allow":["GET"]}}],"collection":[{"href":"https:\/\/madrugadagb.org\/wordpress\/wp-json\/wp\/v2\/posts"}],"about":[{"href":"https:\/\/madrugadagb.org\/wordpress\/wp-json\/wp\/v2\/types\/post"}],"author":[{"embeddable":true,"href":"https:\/\/madrugadagb.org\/wordpress\/wp-json\/wp\/v2\/users\/133"}],"replies":[{"embeddable":true,"href":"https:\/\/madrugadagb.org\/wordpress\/wp-json\/wp\/v2\/comments?post=210"}],"version-history":[{"count":4,"href":"https:\/\/madrugadagb.org\/wordpress\/wp-json\/wp\/v2\/posts\/210\/revisions"}],"predecessor-version":[{"id":227,"href":"https:\/\/madrugadagb.org\/wordpress\/wp-json\/wp\/v2\/posts\/210\/revisions\/227"}],"wp:attachment":[{"href":"https:\/\/madrugadagb.org\/wordpress\/wp-json\/wp\/v2\/media?parent=210"}],"wp:term":[{"taxonomy":"category","embeddable":true,"href":"https:\/\/madrugadagb.org\/wordpress\/wp-json\/wp\/v2\/categories?post=210"},{"taxonomy":"post_tag","embeddable":true,"href":"https:\/\/madrugadagb.org\/wordpress\/wp-json\/wp\/v2\/tags?post=210"}],"curies":[{"name":"wp","href":"https:\/\/api.w.org\/{rel}","templated":true}]}}