{"id":231,"date":"2017-08-11T00:47:03","date_gmt":"2017-08-10T22:47:03","guid":{"rendered":"http:\/\/madrugadagb.org\/wordpress\/?p=231"},"modified":"2018-07-02T00:12:54","modified_gmt":"2018-07-01T22:12:54","slug":"polo-escolstico-e-desportivo","status":"publish","type":"post","link":"https:\/\/madrugadagb.org\/wordpress\/pt\/polo-escolstico-e-desportivo\/","title":{"rendered":"Polo escolstico e desportivo"},"content":{"rendered":"<p align=\"justify\">O Secretariado do Estado do Ministrio da Juventude Cultura e Desporto da Guin-Bissau, cedeu, no dia 30 novmbro 2006, em <a href=\"documenti\/Donazione_Terreno_Ministero_Educazione_Bissau_21_aprile_2008.JPG\" target=\"_blank\" rel=\"noopener\">doaao<\/a> a Cooperativa Madrugada, uma \u00e1rea de 20.400mq., ao lado do Centro Mdico, destinada a contru\u00e3o de escolas e campo desportivo.<\/p>\n<p><a href=\"documenti\/Prospettiva_Campus_Madrugada.jpg\" target=\"_blank\" rel=\"noopener\"><br \/>\n<img decoding=\"async\" title=\"\" src=\"https:\/\/madrugadagb.org\/wordpress\/img\/stories\/\" alt=\"\" align=\"bottom\" \/><br \/>\n<\/a><br \/>\n<img decoding=\"async\" title=\"\" data-src=\"https:\/\/madrugadagb.org\/wordpress\/img\/stories\/Progetto_Campus_Madrugada500.gif\" alt=\"\" align=\"center\" src=\"data:image\/svg+xml;base64,PHN2ZyB3aWR0aD0iMSIgaGVpZ2h0PSIxIiB4bWxucz0iaHR0cDovL3d3dy53My5vcmcvMjAwMC9zdmciPjwvc3ZnPg==\" class=\"lazyload\" \/><\/p>\n<p align=\"justify\">O projecto do polo escol\u00e1stico e desportivo ao cuidado do Eng. Luigi Avanzi do Gavardo (Brescia), grande esperto de contru\u00f5es em \u00c1frica a fin sociais. No desenho vis\u00edvel a a esquerda o centro mdico e a direita a area dedicada ao polo escolastico e desportivo.<br \/>\nNa zona central o campo de futebol con a bancada a esquerda e os banhos, em baixo a direita, na parte alta se incontra o Jardim da infancia e a direita un edif\u00edcio escol\u00e1stico polivalente.<\/p>\n<p><img decoding=\"async\" title=\"\" src=\"https:\/\/madrugadagb.org\/wordpress\/img\/stories\/\" alt=\"\" align=\"bottom\" \/><\/p>\n<p><a href=\"documenti\/RelazioneTecnicaPoloScolasticoSportivo(portoghese).pdf\" target=\"_blank\" rel=\"noopener\">Ler<\/a> a relaao tecnica.<\/p>\n<p align=\"center\"><embed width=\"300\" height=\"150\" style=\"width: 400px; height: 326px;\" id=\"VideoPlayback\" src=\"http:\/\/video.google.com\/googleplayer.swf?docId=-2630072157871726856&amp;hl=it\" type=\"application\/x-shockwave-flash\" align=\"middle\"><\/embed><\/p>\n","protected":false},"excerpt":{"rendered":"<p>O Secretariado do Estado do Ministrio da Juventude Cultura e Desporto da Guin-Bissau, cedeu, no dia 30 novmbro 2006, em doaao a Cooperativa Madrugada, uma \u00e1rea de 20.400mq., ao lado do Centro Mdico, destinada a contru\u00e3o de escolas e campo desportivo. O projecto do polo escol\u00e1stico e desportivo ao cuidado [&hellip;]<\/p>\n","protected":false},"author":133,"featured_media":0,"comment_status":"open","ping_status":"closed","sticky":false,"template":"","format":"standard","meta":{"footnotes":""},"categories":[73],"tags":[],"class_list":["post-231","post","type-post","status-publish","format-standard","hentry","category-polo-escola-e-esportes"],"_links":{"self":[{"href":"https:\/\/madrugadagb.org\/wordpress\/wp-json\/wp\/v2\/posts\/231","targetHints":{"allow":["GET"]}}],"collection":[{"href":"https:\/\/madrugadagb.org\/wordpress\/wp-json\/wp\/v2\/posts"}],"about":[{"href":"https:\/\/madrugadagb.org\/wordpress\/wp-json\/wp\/v2\/types\/post"}],"author":[{"embeddable":true,"href":"https:\/\/madrugadagb.org\/wordpress\/wp-json\/wp\/v2\/users\/133"}],"replies":[{"embeddable":true,"href":"https:\/\/madrugadagb.org\/wordpress\/wp-json\/wp\/v2\/comments?post=231"}],"version-history":[{"count":3,"href":"https:\/\/madrugadagb.org\/wordpress\/wp-json\/wp\/v2\/posts\/231\/revisions"}],"predecessor-version":[{"id":664,"href":"https:\/\/madrugadagb.org\/wordpress\/wp-json\/wp\/v2\/posts\/231\/revisions\/664"}],"wp:attachment":[{"href":"https:\/\/madrugadagb.org\/wordpress\/wp-json\/wp\/v2\/media?parent=231"}],"wp:term":[{"taxonomy":"category","embeddable":true,"href":"https:\/\/madrugadagb.org\/wordpress\/wp-json\/wp\/v2\/categories?post=231"},{"taxonomy":"post_tag","embeddable":true,"href":"https:\/\/madrugadagb.org\/wordpress\/wp-json\/wp\/v2\/tags?post=231"}],"curies":[{"name":"wp","href":"https:\/\/api.w.org\/{rel}","templated":true}]}}