{"id":978,"date":"2020-03-12T20:57:46","date_gmt":"2020-03-12T19:57:46","guid":{"rendered":"https:\/\/madrugadagb.org\/wordpress\/?p=978"},"modified":"2020-03-14T00:27:03","modified_gmt":"2020-03-13T23:27:03","slug":"inaugurazione-servizio-di-dialisi","status":"publish","type":"post","link":"https:\/\/madrugadagb.org\/wordpress\/it\/inaugurazione-servizio-di-dialisi\/","title":{"rendered":"Inaugurazione Servizio di Dialisi"},"content":{"rendered":"\n<p>Finalmente inaugurato all&#8217;interno del complesso sanitario del Campus Madrugada di Bissau, il primo servizio di Emodialisi per malati renali con insufficienza acuta e cronica. La dialisi \u00e8 un&nbsp;<strong>trattamento sostitutivo della funzione renale<\/strong>&nbsp;che viene iniziato quando i reni non sono pi\u00f9 in grado di espletare la loro funzione. <\/p>\n\n\n\n<figure class=\"wp-block-image size-large\"><img decoding=\"async\" width=\"1024\" height=\"575\" data-src=\"\/\/i1.wp.com\/madrugadagb.org\/wordpress\/wp-content\/uploads\/2020\/03\/Targa-Dialisi-Aristides-Gomes-24-febbraio-2020-2-1-1024x575.jpg\" alt=\"\" class=\"wp-image-983 lazyload\" data-srcset=\"https:\/\/madrugadagb.org\/wordpress\/wp-content\/uploads\/2020\/03\/Targa-Dialisi-Aristides-Gomes-24-febbraio-2020-2-1-1024x575.jpg 1024w, https:\/\/madrugadagb.org\/wordpress\/wp-content\/uploads\/2020\/03\/Targa-Dialisi-Aristides-Gomes-24-febbraio-2020-2-1-300x168.jpg 300w, https:\/\/madrugadagb.org\/wordpress\/wp-content\/uploads\/2020\/03\/Targa-Dialisi-Aristides-Gomes-24-febbraio-2020-2-1-768x431.jpg 768w, https:\/\/madrugadagb.org\/wordpress\/wp-content\/uploads\/2020\/03\/Targa-Dialisi-Aristides-Gomes-24-febbraio-2020-2-1.jpg 1040w\" data-sizes=\"(max-width: 1024px) 100vw, 1024px\" src=\"data:image\/svg+xml;base64,PHN2ZyB3aWR0aD0iMSIgaGVpZ2h0PSIxIiB4bWxucz0iaHR0cDovL3d3dy53My5vcmcvMjAwMC9zdmciPjwvc3ZnPg==\" style=\"--smush-placeholder-width: 1024px; --smush-placeholder-aspect-ratio: 1024\/575;\" \/><\/figure>\n\n\n\n<p>Vista la ricorrenza della patologia renale che necessita di un trattamento dialitico e l\u2019assenza in Guinea Bissau di un servizio sanitario che possa garantire tale prestazione salvavita (soprattutto per i bambini con insufficienza renale acuta ad esempio per complicanza da Malaria), in accordo con l\u2019attuale governo della Guinea Bissau, nella persona del Primo Ministro Dr. Aristides Gomes, ed in convezione col locale Ministero della Salute, nella persona della Dott.ssa Magda Nely Robalo Correia e Silva, sono stati attivate 2 postazioni di dialisi. <\/p>\n\n\n\n<figure class=\"wp-block-image size-large\"><img decoding=\"async\" width=\"1024\" height=\"759\" data-src=\"\/\/i0.wp.com\/madrugadagb.org\/wordpress\/wp-content\/uploads\/2020\/03\/Servizio-Dialisi-Madrugada-Inacio-24-febbraio-2020-1024x759.jpg\" alt=\"\" class=\"wp-image-982 lazyload\" src=\"data:image\/svg+xml;base64,PHN2ZyB3aWR0aD0iMSIgaGVpZ2h0PSIxIiB4bWxucz0iaHR0cDovL3d3dy53My5vcmcvMjAwMC9zdmciPjwvc3ZnPg==\" style=\"--smush-placeholder-width: 1024px; --smush-placeholder-aspect-ratio: 1024\/759;\" \/><figcaption>Servizio dialisi<\/figcaption><\/figure>\n\n\n\n<p>Tale servizio garantir\u00e0 la selezione iniziale dei pazienti che necessitino terapia dialitica, in attesa che poi siano trasferiti all\u2019Ospedale Nazionale Sim\u00e3o Mendes non appena sar\u00e0 pronto il servizio pubblico di dialisi con 8 postazioni + 1 per pazienti infettivi in dialisi. Presso il Campus Madrugada<br> \u00e8 prevista anche la formazione del personale tecnico-sanitario che garantir\u00e0 continuit\u00e0 al servizio sia presso la Madrugada stessa che presso l\u2019Ospedale Nazionale. <\/p>\n\n\n\n<figure class=\"wp-block-embed-youtube wp-block-embed is-type-video is-provider-youtube wp-embed-aspect-16-9 wp-has-aspect-ratio\"><div class=\"wp-block-embed__wrapper\">\n<iframe title=\"Inaugurazione Servizio di Dialisi\" width=\"750\" height=\"422\" data-src=\"https:\/\/www.youtube.com\/embed\/vwpEOOt8ntQ?feature=oembed\" frameborder=\"0\" allow=\"accelerometer; autoplay; encrypted-media; gyroscope; picture-in-picture\" allowfullscreen src=\"data:image\/svg+xml;base64,PHN2ZyB3aWR0aD0iMSIgaGVpZ2h0PSIxIiB4bWxucz0iaHR0cDovL3d3dy53My5vcmcvMjAwMC9zdmciPjwvc3ZnPg==\" class=\"lazyload\" data-load-mode=\"1\"><\/iframe>\n<\/div><\/figure>\n\n\n\n<p>La realizzazione del servizio di dialisi \u00e8 stata possibile grazie alla dedizione e tenacia di tanti volontari medici (Prof. Claudio Ronco, dott.ssa Linda Gammaro, Dr. Mario Brognoli, Dr. Neson Antonio Delgado), infermieri (Claudia Longo, Inacio Alberto Lona, Sandra Fanny da Concei\u00e7\u00e3o Bull), tecnici (Renzo Scarsi, Roberto Scarsi, Alberto Crivellaro, Giuseppe Casarotto, Marcelino Na Buoma) e grazie al sostegno e alle donazioni dell\u2019Azienda Fresenius Kabi Italia S.r.l. ed all\u2019indispensabile supporto tecnico in loco a Bissau della Fresenius M\u00e9dical Care di Casablanca (Marocco).<\/p>\n","protected":false},"excerpt":{"rendered":"<p>Finalmente inaugurato all&#8217;interno del complesso sanitario del Campus Madrugada di Bissau, il primo servizio di Emodialisi per malati renali con insufficienza acuta e cronica. La dialisi \u00e8 un&nbsp;trattamento sostitutivo della funzione renale&nbsp;che viene iniziato quando i reni non sono pi\u00f9 in grado di espletare la loro funzione. Vista la ricorrenza [&hellip;]<\/p>\n","protected":false},"author":2,"featured_media":980,"comment_status":"closed","ping_status":"closed","sticky":true,"template":"","format":"standard","meta":{"footnotes":""},"categories":[96,6],"tags":[],"class_list":["post-978","post","type-post","status-publish","format-standard","has-post-thumbnail","hentry","category-dialisi","category-progetti"],"_links":{"self":[{"href":"https:\/\/madrugadagb.org\/wordpress\/wp-json\/wp\/v2\/posts\/978","targetHints":{"allow":["GET"]}}],"collection":[{"href":"https:\/\/madrugadagb.org\/wordpress\/wp-json\/wp\/v2\/posts"}],"about":[{"href":"https:\/\/madrugadagb.org\/wordpress\/wp-json\/wp\/v2\/types\/post"}],"author":[{"embeddable":true,"href":"https:\/\/madrugadagb.org\/wordpress\/wp-json\/wp\/v2\/users\/2"}],"replies":[{"embeddable":true,"href":"https:\/\/madrugadagb.org\/wordpress\/wp-json\/wp\/v2\/comments?post=978"}],"version-history":[{"count":4,"href":"https:\/\/madrugadagb.org\/wordpress\/wp-json\/wp\/v2\/posts\/978\/revisions"}],"predecessor-version":[{"id":986,"href":"https:\/\/madrugadagb.org\/wordpress\/wp-json\/wp\/v2\/posts\/978\/revisions\/986"}],"wp:featuredmedia":[{"embeddable":true,"href":"https:\/\/madrugadagb.org\/wordpress\/wp-json\/wp\/v2\/media\/980"}],"wp:attachment":[{"href":"https:\/\/madrugadagb.org\/wordpress\/wp-json\/wp\/v2\/media?parent=978"}],"wp:term":[{"taxonomy":"category","embeddable":true,"href":"https:\/\/madrugadagb.org\/wordpress\/wp-json\/wp\/v2\/categories?post=978"},{"taxonomy":"post_tag","embeddable":true,"href":"https:\/\/madrugadagb.org\/wordpress\/wp-json\/wp\/v2\/tags?post=978"}],"curies":[{"name":"wp","href":"https:\/\/api.w.org\/{rel}","templated":true}]}}